{"id":648,"date":"2012-01-19T00:00:00","date_gmt":"2012-01-19T00:00:00","guid":{"rendered":"http:\/\/0"},"modified":"2015-01-27T20:13:10","modified_gmt":"2015-01-27T20:13:10","slug":"lecon-grammaire-le-complement-d","status":"publish","type":"post","link":"http:\/\/www.saborat.com\/?p=648","title":{"rendered":"Le\u00e7on grammaire: le compl\u00e9ment d&#8217;objet direct et indirect COD COI en PowerPoint"},"content":{"rendered":"<div style=\"text-align: left;\">\u00a0 \u00a0Le\u00e7on grammaire: le compl\u00e9ment d&#8217;objet direct et indirect COD COI\u00a0en PowerPoint<\/div>\n<div style=\"text-align: left;\">+ Exercice interactif<\/div>\n<div style=\"text-align: left;\">pour t\u00e9l\u00e9charger la le\u00e7on voir la fin du texte<\/div>\n<div style=\"text-align: right;\"><\/div>\n<div style=\"text-align: right;\"><span style=\"font-family: Verdana; font-size: 11px; line-height: 18px; text-align: start; background-color: #f2f4fc;\">e compl\u00e9ment d&#8217;objet se distingue du\u00a0<\/span><a style=\"color: #000000; font-family: Verdana; font-size: 11px; line-height: 18px; text-align: start;\" href=\"http:\/\/grammaire.reverso.net\/1_3_05_Le_complement_circonstanciel.shtml\">compl\u00e9ment circonstanciel<\/a><span style=\"font-family: Verdana; font-size: 11px; line-height: 18px; text-align: start; background-color: #f2f4fc;\">\u00a0par le fait que sa place est g\u00e9n\u00e9ralement fixe et qu&#8217;il ne peut pas \u00eatre supprim\u00e9 :<\/span><\/p>\n<ul style=\"font-family: Verdana; font-size: 11px; line-height: 18px; text-align: start;\">\n<li style=\"list-style-type: square;\">on peut d\u00e9placer\u00a0<i>dans une semaine<\/i>\u00a0et dire :\u00a0<i>Dans une semaine, la direction organisera une rencontre<\/i>.<\/li>\n<li style=\"list-style-type: square;\">on peut supprimer\u00a0<i>dans une semaine<\/i>\u00a0et dire :\u00a0<i>La direction organisera une rencontre<\/i>.<\/li>\n<li style=\"list-style-type: square;\">mais on ne dira pas :\u00a0<i>Une rencontre la direction organisera dans une semaine<\/i>, ni\u00a0<i>La direction organisera dans une semaine<\/i>.<\/li>\n<\/ul>\n<p><span style=\"font-family: Verdana; font-size: 11px; line-height: 18px; text-align: start; background-color: #f2f4fc;\">Selon la fa\u00e7on dont le compl\u00e9ment d&#8217;objet est reli\u00e9 au verbe, on distingue trois types de compl\u00e9ment d&#8217;objet : le compl\u00e9ment d&#8217;objet direct, le compl\u00e9ment d&#8217;objet second et le compl\u00e9ment d&#8217;objet indirect.<\/span><\/p>\n<a href=\" https:\/\/skydrive.live.com\/redir?resid=AAB1EDF914C09D09!1905\" target=\"_blank\" class=\"shortc-button small red\">\u062a\u062d\u0645\u064a\u0644<\/a>\n<\/div>\n","protected":false},"excerpt":{"rendered":"<p>0<\/p>\n","protected":false},"author":1,"featured_media":860,"comment_status":"open","ping_status":"open","sticky":false,"template":"","format":"standard","meta":[],"categories":[24],"tags":[],"_links":{"self":[{"href":"http:\/\/www.saborat.com\/index.php?rest_route=\/wp\/v2\/posts\/648"}],"collection":[{"href":"http:\/\/www.saborat.com\/index.php?rest_route=\/wp\/v2\/posts"}],"about":[{"href":"http:\/\/www.saborat.com\/index.php?rest_route=\/wp\/v2\/types\/post"}],"author":[{"embeddable":true,"href":"http:\/\/www.saborat.com\/index.php?rest_route=\/wp\/v2\/users\/1"}],"replies":[{"embeddable":true,"href":"http:\/\/www.saborat.com\/index.php?rest_route=%2Fwp%2Fv2%2Fcomments&post=648"}],"version-history":[{"count":1,"href":"http:\/\/www.saborat.com\/index.php?rest_route=\/wp\/v2\/posts\/648\/revisions"}],"predecessor-version":[{"id":900,"href":"http:\/\/www.saborat.com\/index.php?rest_route=\/wp\/v2\/posts\/648\/revisions\/900"}],"wp:featuredmedia":[{"embeddable":true,"href":"http:\/\/www.saborat.com\/index.php?rest_route=\/wp\/v2\/media\/860"}],"wp:attachment":[{"href":"http:\/\/www.saborat.com\/index.php?rest_route=%2Fwp%2Fv2%2Fmedia&parent=648"}],"wp:term":[{"taxonomy":"category","embeddable":true,"href":"http:\/\/www.saborat.com\/index.php?rest_route=%2Fwp%2Fv2%2Fcategories&post=648"},{"taxonomy":"post_tag","embeddable":true,"href":"http:\/\/www.saborat.com\/index.php?rest_route=%2Fwp%2Fv2%2Ftags&post=648"}],"curies":[{"name":"wp","href":"https:\/\/api.w.org\/{rel}","templated":true}]}}