{"id":790,"date":"2012-01-19T00:00:00","date_gmt":"2012-01-19T00:00:00","guid":{"rendered":"http:\/\/0"},"modified":"2015-01-28T22:37:48","modified_gmt":"2015-01-28T22:37:48","slug":"conjugaison-6-aep-le-conditionnel-present-des-verbes-etre-avoir-et-les-verbes-du-premier-groupe-lecon-et-exercice-interactif-powerpoint","status":"publish","type":"post","link":"http:\/\/www.saborat.com\/?p=790","title":{"rendered":"Conjugaison 6 AEP : le conditionnel pr\u00e9sent des verbes \u00eatre , avoir et les verbes du premier groupe (le\u00e7on et exercice interactif PowerPoint)"},"content":{"rendered":"<p><span style=\"background-color: #ffffff;\"><span style=\"font-family: tahoma, sans-serif;\"><span style=\"font-size: 11.818181991577148px;\">Conjugaison 6 AEP : le\u00a0conditionnel\u00a0pr\u00e9sent des verbes \u00eatre , avoir et les verbes du premier groupe (le\u00e7on et\u00a0exercice interactif PowerPoint)<\/span><\/span><\/span><\/p>\n<div style=\"margin: 0px; padding: 0px; font-family: tahoma, sans-serif; font-size: 11.818181991577148px; background-color: #ffffff;\">une le\u00e7on de la\u00a0Conjugaison\u00a0r\u00e9alis\u00e9e par KINANI ABDELLATIF Ecole centrale Ouled Ayad . le\u00e7on , exercice\u00a0interactif avec PowerPoint (Macros)<\/div>\n<div style=\"margin: 0px; padding: 0px; font-family: tahoma, sans-serif; font-size: 11.818181991577148px; background-color: #ffffff;\">(Mes apprentissages)<\/div>\n<div style=\"margin: 0px; padding: 0px; font-family: tahoma, sans-serif; font-size: 11.818181991577148px; background-color: #ffffff;\"><a href=\" http:\/\/1drv.ms\/1lw5CLv\" target=\"_blank\" class=\"shortc-button small red\">\u062a\u062d\u0645\u064a\u0644<\/a><\/div>\n","protected":false},"excerpt":{"rendered":"<p>0<\/p>\n","protected":false},"author":1,"featured_media":0,"comment_status":"open","ping_status":"open","sticky":false,"template":"","format":"standard","meta":[],"categories":[24],"tags":[],"_links":{"self":[{"href":"http:\/\/www.saborat.com\/index.php?rest_route=\/wp\/v2\/posts\/790"}],"collection":[{"href":"http:\/\/www.saborat.com\/index.php?rest_route=\/wp\/v2\/posts"}],"about":[{"href":"http:\/\/www.saborat.com\/index.php?rest_route=\/wp\/v2\/types\/post"}],"author":[{"embeddable":true,"href":"http:\/\/www.saborat.com\/index.php?rest_route=\/wp\/v2\/users\/1"}],"replies":[{"embeddable":true,"href":"http:\/\/www.saborat.com\/index.php?rest_route=%2Fwp%2Fv2%2Fcomments&post=790"}],"version-history":[{"count":1,"href":"http:\/\/www.saborat.com\/index.php?rest_route=\/wp\/v2\/posts\/790\/revisions"}],"predecessor-version":[{"id":1097,"href":"http:\/\/www.saborat.com\/index.php?rest_route=\/wp\/v2\/posts\/790\/revisions\/1097"}],"wp:attachment":[{"href":"http:\/\/www.saborat.com\/index.php?rest_route=%2Fwp%2Fv2%2Fmedia&parent=790"}],"wp:term":[{"taxonomy":"category","embeddable":true,"href":"http:\/\/www.saborat.com\/index.php?rest_route=%2Fwp%2Fv2%2Fcategories&post=790"},{"taxonomy":"post_tag","embeddable":true,"href":"http:\/\/www.saborat.com\/index.php?rest_route=%2Fwp%2Fv2%2Ftags&post=790"}],"curies":[{"name":"wp","href":"https:\/\/api.w.org\/{rel}","templated":true}]}}